{"id":1701,"date":"2021-09-29T17:49:37","date_gmt":"2021-09-29T15:49:37","guid":{"rendered":"https:\/\/moldovafrance.fr\/wordpress\/h5p\/?p=1701"},"modified":"2021-09-29T17:56:11","modified_gmt":"2021-09-29T15:56:11","slug":"les-exercices-de-grammaire","status":"publish","type":"post","link":"https:\/\/moldovafrance.fr\/wordpress\/h5p\/2021\/09\/29\/les-exercices-de-grammaire\/","title":{"rendered":"Les exercices de grammaire"},"content":{"rendered":"<h2 class=\"display-posts-title\">Exercices grammaire XII\u00e8me classe<\/h2>\n<ul class=\"display-posts-listing\"><li class=\"listing-item\"><a class=\"title\" target=\"_blank\" href=\"https:\/\/moldovafrance.fr\/wordpress\/h5p\/2021\/09\/29\/place-des-pronoms-cod-coi-et-cos-dans-la-phrase\/\">Place des pronoms COD, COI, &#8230; dans la phrase<\/a><\/li><li class=\"listing-item\"><a class=\"title\" target=\"_blank\" href=\"https:\/\/moldovafrance.fr\/wordpress\/h5p\/2021\/09\/29\/mise-en-relief-ce-qui-ce-que-ce-dont-cest\/\">Mise en relief (ce qui\/ce que\/ce dont&#8230; c\u2019est)<\/a><\/li><li class=\"listing-item\"><a class=\"title\" target=\"_blank\" href=\"https:\/\/moldovafrance.fr\/wordpress\/h5p\/2021\/09\/29\/emploi-des-pronoms-dans-la-communication\/\">Emploi des pronoms dans la communication<\/a><\/li><li class=\"listing-item\"><a class=\"title\" target=\"_blank\" href=\"https:\/\/moldovafrance.fr\/wordpress\/h5p\/2021\/09\/29\/les-exercices-de-grammaire\/\">Les exercices de grammaire<\/a><\/li><li class=\"listing-item\"><a class=\"title\" target=\"_blank\" href=\"https:\/\/moldovafrance.fr\/wordpress\/h5p\/2021\/09\/29\/adjectifs-qualificatifs-composes-au-singulier-et-au-pluriel-cas-particuliers-emploi-des-adjectifs-dans-lacte-de-communication\/\">Adjectifs qualificatifs compos\u00e9s au singulier et au pluriel. Cas particuliers. Emploi des adjectifs dans l\u2019acte de communication<\/a><\/li><li class=\"listing-item\"><a class=\"title\" target=\"_blank\" href=\"https:\/\/moldovafrance.fr\/wordpress\/h5p\/2021\/09\/29\/noms-collectifs-genre-nombre-et-accord\/\">Noms collectifs : genre, nombre et accord<\/a><\/li><li class=\"listing-item\"><a class=\"title\" target=\"_blank\" href=\"https:\/\/moldovafrance.fr\/wordpress\/h5p\/2021\/09\/29\/1704\/\">Infinitif pr\u00e9sent. Infinitif pass\u00e9. Formation et emploi. Constructions infinitives<\/a><\/li><li class=\"listing-item\"><a class=\"title\" target=\"_blank\" href=\"https:\/\/moldovafrance.fr\/wordpress\/h5p\/2021\/09\/29\/nominalisation-des-infinitifs\/\">Nominalisation des infinitifs<\/a><\/li><li class=\"listing-item\"><a class=\"title\" target=\"_blank\" href=\"https:\/\/moldovafrance.fr\/wordpress\/h5p\/2021\/09\/29\/1708\/\">Emploi du mode indicatif<\/a><\/li><li class=\"listing-item\"><a class=\"title\" target=\"_blank\" href=\"https:\/\/moldovafrance.fr\/wordpress\/h5p\/2021\/09\/29\/emploi-du-mode-subjonctif\/\">Emploi du mode subjonctif<\/a><\/li><li class=\"listing-item\"><a class=\"title\" target=\"_blank\" href=\"https:\/\/moldovafrance.fr\/wordpress\/h5p\/2021\/09\/29\/1711\/\">Emploi du subjonctif apr\u00e8s les verbes et les tournures impersonnelles<\/a><\/li><li class=\"listing-item\"><a class=\"title\" target=\"_blank\" href=\"https:\/\/moldovafrance.fr\/wordpress\/h5p\/2021\/09\/29\/place-des-adverbes-et-locutions-adverbiales-dans-la-phrase\/\">Place des adverbes et locutions adverbiales dans la phrase<\/a><\/li><li class=\"listing-item\"><a class=\"title\" target=\"_blank\" href=\"https:\/\/moldovafrance.fr\/wordpress\/h5p\/2021\/09\/29\/personnaconjonctions-ou-locutions-conjonctives-de-consequence-tant-que-de-facon-que-de-sorte-que\/\">Conjonctions ou locutions conjonctives de cons\u00e9quence : tant que, de fa\u00e7on que, de sorte que&#8230;<\/a><\/li><li class=\"listing-item\"><a class=\"title\" target=\"_blank\" href=\"https:\/\/moldovafrance.fr\/wordpress\/h5p\/2021\/10\/08\/emploi-du-subjonctif-apres-certaines-locutions-conjonctives\/\">Emploi du subjonctif apr\u00e8s certaines locutions conjonctives<\/a><\/li><li class=\"listing-item\"><a class=\"title\" target=\"_blank\" href=\"https:\/\/moldovafrance.fr\/wordpress\/h5p\/2021\/10\/08\/subjonctif-ou-indicatif\/\">Subjonctif ou indicatif ?<\/a><\/li><li class=\"listing-item\"><a class=\"title\" target=\"_blank\" href=\"https:\/\/moldovafrance.fr\/wordpress\/h5p\/2022\/03\/15\/adverbes-et-locutions-adverbiales-de-maniere-de-lieu-de-quantite-de-doute-de-negation-daspect\/\">Adverbes et locutions adverbiales de mani\u00e8re, de lieu, de quantit\u00e9, de doute, de n\u00e9gation, d\u2019aspect<\/a><\/li><li class=\"listing-item\"><a class=\"title\" target=\"_blank\" href=\"https:\/\/moldovafrance.fr\/wordpress\/h5p\/2022\/03\/15\/emploi-des-adverbes-et-des-locutions-adverbiales-dans-la-communication\/\">Emploi des adverbes et des locutions adverbiales dans la communication<\/a><\/li><li class=\"listing-item\"><a class=\"title\" target=\"_blank\" href=\"https:\/\/moldovafrance.fr\/wordpress\/h5p\/2022\/03\/15\/concordance-des-temps-a-lindicatif-rappel\/\">Concordance des temps \u00e0 l\u2019indicatif (rappel)<\/a><\/li><li class=\"listing-item\"><a class=\"title\" target=\"_blank\" href=\"https:\/\/moldovafrance.fr\/wordpress\/h5p\/2022\/03\/15\/concordance-des-temps-au-conditionnel-rappel\/\">Concordance des temps au conditionnel (rappel)<\/a><\/li><li class=\"listing-item\"><a class=\"title\" target=\"_blank\" href=\"https:\/\/moldovafrance.fr\/wordpress\/h5p\/2022\/03\/15\/la-voix-passive-rappel\/\">La voix passive (rappel)<\/a><\/li><li class=\"listing-item\"><a class=\"title\" target=\"_blank\" href=\"https:\/\/moldovafrance.fr\/wordpress\/h5p\/2022\/03\/18\/formulation-des-questions-ordre-des-mots-dans-la-phrase-interrogative\/\">Formulation des questions, ordre des mots dans la phrase interrogative<\/a><\/li><li class=\"listing-item\"><a class=\"title\" target=\"_blank\" href=\"https:\/\/moldovafrance.fr\/wordpress\/h5p\/2022\/04\/27\/articles-cas-particuliers-articles-en-situations-de-communication\/\">Articles, cas particuliers. Articles en situations de communication<\/a><\/li><li class=\"listing-item\"><a class=\"title\" target=\"_blank\" href=\"https:\/\/moldovafrance.fr\/wordpress\/h5p\/2022\/04\/27\/ordre-des-mots-dans-la-phrase\/\">Ordre des mots dans la phrase<\/a><\/li><li class=\"listing-item\"><a class=\"title\" target=\"_blank\" href=\"https:\/\/moldovafrance.fr\/wordpress\/h5p\/2022\/04\/27\/conjonctions-et-locutions-conjonctives-de-temps-simultaneite\/\">Conjonctions et locutions conjonctives de temps : simultan\u00e9it\u00e9<\/a><\/li><li class=\"listing-item\"><a class=\"title\" target=\"_blank\" href=\"https:\/\/moldovafrance.fr\/wordpress\/h5p\/2022\/04\/27\/conjonctions-et-locutions-conjonctives-de-temps-anteriorite\/\">Conjonctions et locutions conjonctives de temps : ant\u00e9riorit\u00e9<\/a><\/li><li class=\"listing-item\"><a class=\"title\" target=\"_blank\" href=\"https:\/\/moldovafrance.fr\/wordpress\/h5p\/2022\/04\/27\/conjonctions-et-locutions-conjonctives-de-temps-poteriorite\/\">Conjonctions et locutions conjonctives de temps : post\u00e9riorit\u00e9<\/a><\/li><li class=\"listing-item\"><a class=\"title\" target=\"_blank\" href=\"https:\/\/moldovafrance.fr\/wordpress\/h5p\/2022\/04\/27\/conjonctions-de-coordination-et-de-subordination\/\">Conjonctions de coordination et de subordination<\/a><\/li><\/ul>\n","protected":false},"excerpt":{"rendered":"","protected":false},"author":1,"featured_media":0,"comment_status":"closed","ping_status":"open","sticky":false,"template":"","format":"standard","meta":{"_eb_attr":"","footnotes":""},"categories":[14],"tags":[],"class_list":["post-1701","post","type-post","status-publish","format-standard","hentry","category-grammaire-conjugaison","comments-off"],"_links":{"self":[{"href":"https:\/\/moldovafrance.fr\/wordpress\/h5p\/wp-json\/wp\/v2\/posts\/1701","targetHints":{"allow":["GET"]}}],"collection":[{"href":"https:\/\/moldovafrance.fr\/wordpress\/h5p\/wp-json\/wp\/v2\/posts"}],"about":[{"href":"https:\/\/moldovafrance.fr\/wordpress\/h5p\/wp-json\/wp\/v2\/types\/post"}],"author":[{"embeddable":true,"href":"https:\/\/moldovafrance.fr\/wordpress\/h5p\/wp-json\/wp\/v2\/users\/1"}],"replies":[{"embeddable":true,"href":"https:\/\/moldovafrance.fr\/wordpress\/h5p\/wp-json\/wp\/v2\/comments?post=1701"}],"version-history":[{"count":0,"href":"https:\/\/moldovafrance.fr\/wordpress\/h5p\/wp-json\/wp\/v2\/posts\/1701\/revisions"}],"wp:attachment":[{"href":"https:\/\/moldovafrance.fr\/wordpress\/h5p\/wp-json\/wp\/v2\/media?parent=1701"}],"wp:term":[{"taxonomy":"category","embeddable":true,"href":"https:\/\/moldovafrance.fr\/wordpress\/h5p\/wp-json\/wp\/v2\/categories?post=1701"},{"taxonomy":"post_tag","embeddable":true,"href":"https:\/\/moldovafrance.fr\/wordpress\/h5p\/wp-json\/wp\/v2\/tags?post=1701"}],"curies":[{"name":"wp","href":"https:\/\/api.w.org\/{rel}","templated":true}]}}