{"id":2049,"date":"2022-02-01T17:22:40","date_gmt":"2022-02-01T16:22:40","guid":{"rendered":"https:\/\/moldovafrance.fr\/wordpress\/h5p\/?p=2049"},"modified":"2025-11-02T16:01:15","modified_gmt":"2025-11-02T15:01:15","slug":"le-corps-humain-compilation","status":"publish","type":"post","link":"https:\/\/moldovafrance.fr\/wordpress\/h5p\/2022\/02\/01\/le-corps-humain-compilation\/","title":{"rendered":"Le CORPS HUMAIN &#8211; Compilation."},"content":{"rendered":"<p><img decoding=\"async\" class=\"aligncenter\" src=\"https:\/\/us.123rf.com\/450wm\/artemstepanov\/artemstepanov1809\/artemstepanov180900218\/108009156-croquis-stylis%C3%A9-de-l-homme-de-vitruve-ou-de-l-homme-de-l%C3%A9onard-illustration-vectorielle-homo-vitruvi.jpg?ver=6\" alt=\"592 Homme De Vitruve Vectores, Ilustraciones y Gr\u00e1ficos - 123RF\" width=\"181\" height=\"181\" \/><\/p>\n<p style=\"text-align: justify\">Le corps humain comporte une <strong>t\u00eate<\/strong> port\u00e9e par le <strong>cou<\/strong>, un <strong>tronc<\/strong> (<strong>thorax<\/strong> et <strong>abdomen<\/strong>) s\u2019appuyant sur le <strong>bassin<\/strong>, deux membres sup\u00e9rieurs et deux membres inf\u00e9rieurs.<br \/>\nIl est constitu\u00e9 de plusieurs syst\u00e8mes (nerveux, digestif, etc.), ainsi que de <strong>206 os<\/strong>\u00a0et\u00a0<strong>639 muscles<\/strong>\u00a0dont 570 sont des\u00a0muscles squelettiques.<\/p>\n<p style=\"text-align: justify\">Cet article vous propose <strong>2 exercices faciles<\/strong> et une <strong>compilation<\/strong> de tous les exercices (utilisables \u00e0 des niveaux vari\u00e9s) sur le th\u00e8me du <strong>corps humain<\/strong> qui sont sur ce site.<\/p>\n<p style=\"text-align: center\"><em>Cette page sera actualis\u00e9e au fur et \u00e0 mesure des cr\u00e9ations.<\/em><\/p>\n<p><strong><span style=\"text-decoration: underline\">Exercice 1<\/span> :<\/strong><br \/>\n<div class=\"h5p-iframe-wrapper\"><iframe id=\"h5p-iframe-578\" class=\"h5p-iframe\" data-content-id=\"578\" style=\"height:1px\" src=\"about:blank\" frameBorder=\"0\" scrolling=\"no\" title=\"Corps - Compil\"><\/iframe><\/div>\n<p>&nbsp;<\/p>\n<p><strong><span style=\"text-decoration: underline\">Exercice 2<\/span> :<\/strong><\/p>\n<p>Mots crois\u00e9s : <span style=\"text-decoration: underline;color: #ff6600\"><strong><a style=\"color: #ff6600;text-decoration: underline\" href=\"https:\/\/moldovafrance.fr\/wordpress\/h5p\/wp-content\/uploads\/sites\/3\/2022\/02\/Corps-Humain.htm\" target=\"_blank\" rel=\"noopener\">ici<\/a><\/strong><\/span><\/p>\n<p>&nbsp;<\/p>\n<p><strong><span style=\"text-decoration: underline\">Compilation<\/span> :<\/strong><\/p>\n<table class=\" aligncenter\" style=\"width: 98.7898%;border-collapse: collapse;border-style: ridge;border-color: #0760a8;background-color: #bfe3f2;height: 1142px\">\n<tbody>\n<tr style=\"height: 75px\">\n<td style=\"width: 41.9066%;height: 75px\"><span style=\"text-align: start\">El\u00e9ments du corps (Mots m\u00eal\u00e9s\/crois\u00e9s)<\/span><\/td>\n<td style=\"width: 6.43132%;height: 75px\"><strong style=\"color: #ff6600;text-align: center\"><a style=\"color: #ff6600;text-decoration: underline\" href=\"https:\/\/moldovafrance.fr\/wordpress\/h5p\/2020\/11\/18\/elements-du-corps-humain\/\" target=\"_blank\" rel=\"noopener\">ici<\/a><\/strong><\/td>\n<td style=\"width: 43.0028%;height: 75px\"><\/td>\n<td style=\"width: 5.79366%;height: 75px\"><\/td>\n<\/tr>\n<tr style=\"height: 43px\">\n<td style=\"width: 41.9066%;height: 43px\">Le nez dans les expressions<\/td>\n<td style=\"width: 6.43132%;height: 43px\"><strong style=\"color: #ff6600;text-align: start\"><a style=\"color: #ff6600;text-decoration: underline\" href=\"https:\/\/moldovafrance.fr\/wordpress\/h5p\/2021\/02\/07\/le-nez-dans-les-expressions\/\" target=\"_blank\" rel=\"noopener\">ici<\/a><\/strong><\/td>\n<td style=\"width: 43.0028%;height: 43px\"><\/td>\n<td style=\"width: 5.79366%;height: 43px\"><\/td>\n<\/tr>\n<tr style=\"height: 43px\">\n<td style=\"width: 41.9066%;height: 43px\">Doigts de la main<\/td>\n<td style=\"width: 6.43132%;height: 43px\"><a href=\"https:\/\/moldovafrance.fr\/wordpress\/h5p\/2022\/02\/01\/doigts-de-la-main\/\" target=\"_blank\" rel=\"noopener\"><span style=\"text-decoration: underline;color: #ff6600\"><strong>ici<\/strong><\/span><\/a><\/td>\n<td style=\"width: 43.0028%;height: 43px\">Doigts de la main (2) &#8211; avec aide<\/td>\n<td style=\"width: 5.79366%;height: 43px\"><span style=\"text-decoration: underline;color: #ff6600\"><strong><a style=\"color: #ff6600;text-decoration: underline\" href=\"https:\/\/moldovafrance.fr\/wordpress\/h5p\/2022\/02\/01\/doigts-de-la-main-2\/\" target=\"_blank\" rel=\"noopener\">ici<\/a><\/strong><\/span><\/td>\n<\/tr>\n<tr style=\"height: 43px\">\n<td style=\"width: 41.9066%;height: 43px\">Le visage<\/td>\n<td style=\"width: 6.43132%;height: 43px\"><a href=\"https:\/\/moldovafrance.fr\/wordpress\/h5p\/2020\/11\/30\/le-visage-2-sans-aide-au-placement\/\"><strong><span style=\"color: #ff6600;text-decoration: underline\">ici<\/span><\/strong><\/a><\/td>\n<td style=\"width: 43.0028%;height: 43px\">Le visage &#8211; aide au placement<\/td>\n<td style=\"width: 5.79366%;height: 43px\"><span style=\"text-decoration: underline\"><strong><span style=\"color: #ff6600;text-decoration: underline\"><a style=\"color: #ff6600;text-decoration: underline\" href=\"https:\/\/moldovafrance.fr\/wordpress\/h5p\/2020\/11\/08\/le-visage\/\" target=\"_blank\" rel=\"noopener\">ici<\/a><\/span><\/strong><\/span><\/td>\n<\/tr>\n<tr style=\"height: 75px\">\n<td style=\"width: 41.9066%;height: 75px\">Le visage &#8211; Savoir lire et dire les parties<\/td>\n<td style=\"width: 6.43132%;height: 75px\"><strong><span style=\"text-decoration: underline\"><span style=\"color: #ff6600;text-decoration: underline\"><a style=\"color: #ff6600;text-decoration: underline\" href=\"https:\/\/moldovafrance.fr\/wordpress\/h5p\/2020\/12\/02\/savoir-lire-et-dire-le-nom-des-parties-du-visage\/\" target=\"_blank\" rel=\"noopener\">ici<\/a><\/span><\/span><\/strong><\/td>\n<td style=\"width: 43.0028%;height: 75px\"><\/td>\n<td style=\"width: 5.79366%;height: 75px\"><\/td>\n<\/tr>\n<tr style=\"height: 43px\">\n<td style=\"width: 41.9066%;height: 43px\">Visage et couleurs<\/td>\n<td style=\"width: 6.43132%;height: 43px\"><span style=\"text-decoration: underline;color: #ff6600\"><strong><a style=\"color: #ff6600;text-decoration: underline\" href=\"https:\/\/moldovafrance.fr\/wordpress\/h5p\/2020\/11\/30\/couleurs-et-visages-2-sans-aide-de-placement\/\" target=\"_blank\" rel=\"noopener\">ici<\/a><\/strong><\/span><\/td>\n<td style=\"width: 43.0028%;height: 43px\">Visage et couleurs &#8211; avec aide<\/td>\n<td style=\"width: 5.79366%;height: 43px\"><span style=\"text-decoration: underline\"><strong><span style=\"color: #ff6600;text-decoration: underline\"><a style=\"color: #ff6600;text-decoration: underline\" href=\"https:\/\/moldovafrance.fr\/wordpress\/h5p\/2020\/11\/19\/visages-et-couleurs\/\" target=\"_blank\" rel=\"noopener\">ici<\/a><\/span><\/strong><\/span><\/td>\n<\/tr>\n<tr style=\"height: 75px\">\n<td style=\"width: 41.9066%;height: 75px\">Mots crois\u00e9s : Parties du visage et de la t\u00eate<\/td>\n<td style=\"width: 6.43132%;height: 75px\"><a href=\"https:\/\/moldovafrance.fr\/wordpress\/h5p\/2022\/06\/22\/mots-croises-parties-du-visage-et-de-la-tete\/\" target=\"_blank\" rel=\"noopener\"><span style=\"text-decoration: underline;color: #ff6600\"><strong>ici<\/strong><\/span><\/a><\/td>\n<td style=\"width: 43.0028%;height: 75px\"><\/td>\n<td style=\"width: 5.79366%;height: 75px\"><\/td>\n<\/tr>\n<tr style=\"height: 75px\">\n<td style=\"width: 41.9066%;height: 75px\">Membres et articulations (Mots m\u00eal\u00e9s)<\/td>\n<td style=\"width: 6.43132%;height: 75px\"><span style=\"text-decoration: underline;color: #ff6600\"><strong><a style=\"color: #ff6600;text-decoration: underline\" href=\"https:\/\/moldovafrance.fr\/wordpress\/h5p\/2020\/12\/08\/membres-et-articulations\/\" target=\"_blank\" rel=\"noopener\">ici<\/a><\/strong><\/span><\/td>\n<td style=\"width: 43.0028%;height: 75px\"><\/td>\n<td style=\"width: 5.79366%;height: 75px\"><\/td>\n<\/tr>\n<tr style=\"height: 75px\">\n<td style=\"width: 41.9066%;height: 75px\">Membres et articulations<\/td>\n<td style=\"width: 6.43132%;height: 75px\"><span style=\"text-decoration: underline;color: #ff6600\"><strong><a style=\"color: #ff6600;text-decoration: underline\" href=\"https:\/\/moldovafrance.fr\/wordpress\/h5p\/2022\/02\/01\/membres-et-articulations-2\/\" target=\"_blank\" rel=\"noopener\">ici<\/a><\/strong><\/span><\/td>\n<td style=\"width: 43.0028%;height: 75px\">Membres et articulations (2) &#8211; avec aide<\/td>\n<td style=\"width: 5.79366%;height: 75px\"><span style=\"text-decoration: underline;color: #ff6600\"><strong><a style=\"color: #ff6600;text-decoration: underline\" href=\"https:\/\/moldovafrance.fr\/wordpress\/h5p\/2022\/02\/01\/membres-et-articulations-2-2\/\" target=\"_blank\" rel=\"noopener\">ici<\/a><\/strong><\/span><\/td>\n<\/tr>\n<tr style=\"height: 43px\">\n<td style=\"width: 41.9066%;height: 43px\">Corps entier &#8211; avec aide<\/td>\n<td style=\"width: 6.43132%;height: 43px\"><span style=\"text-decoration: underline;color: #ff6600\"><strong><a style=\"color: #ff6600;text-decoration: underline\" href=\"https:\/\/moldovafrance.fr\/wordpress\/h5p\/2022\/02\/01\/corps-entier\/\" target=\"_blank\" rel=\"noopener\">ici<\/a><\/strong><\/span><\/td>\n<td style=\"width: 43.0028%;height: 43px\">Corps entier (2) &#8211; avec articles<\/td>\n<td style=\"width: 5.79366%;height: 43px\"><span style=\"text-decoration: underline;color: #ff6600\"><strong><a style=\"color: #ff6600;text-decoration: underline\" href=\"https:\/\/moldovafrance.fr\/wordpress\/h5p\/2022\/04\/21\/corps-entier-2-avec-articles\/\" target=\"_blank\" rel=\"noopener\">ici<\/a><\/strong><\/span><\/td>\n<\/tr>\n<tr style=\"height: 43px\">\n<td style=\"width: 41.9066%;height: 43px\">Corps entier (3) &#8211; sans aide<\/td>\n<td style=\"width: 6.43132%;height: 43px\"><a href=\"https:\/\/moldovafrance.fr\/wordpress\/h5p\/2022\/04\/21\/corps-entier-3-sans-aide\/\" target=\"_blank\" rel=\"noopener\"><span style=\"text-decoration: underline;color: #ff6600\"><strong>ici<\/strong><\/span><\/a><\/td>\n<td style=\"width: 43.0028%;height: 43px\"><\/td>\n<td style=\"width: 5.79366%;height: 43px\"><\/td>\n<\/tr>\n<tr style=\"height: 43px\">\n<td style=\"width: 41.9066%;height: 43px\">Portraits : description<\/td>\n<td style=\"width: 6.43132%;height: 43px\"><span style=\"color: #ff6600\"><strong><a style=\"color: #ff6600\" href=\"https:\/\/moldovafrance.fr\/wordpress\/h5p\/2020\/12\/26\/portraits-descriptions\/\" target=\"_blank\" rel=\"noopener\">ici<\/a><\/strong><\/span><\/td>\n<td style=\"width: 43.0028%;height: 43px\">Portraits : description (2)<\/td>\n<td style=\"width: 5.79366%;height: 43px\"><span style=\"text-decoration: underline;color: #ff6600\"><strong><a style=\"color: #ff6600;text-decoration: underline\" href=\"https:\/\/moldovafrance.fr\/wordpress\/h5p\/2020\/12\/26\/portraits-descriptions-2\/\" target=\"_blank\" rel=\"noopener\">ici<\/a><\/strong><\/span><\/td>\n<\/tr>\n<tr style=\"height: 75px\">\n<td style=\"width: 41.9066%;height: 75px\">Ados et hygi\u00e8ne<\/td>\n<td style=\"width: 6.43132%;height: 75px\"><span style=\"text-decoration: underline\"><span style=\"color: #ff6600\"><strong><a style=\"color: #ff6600;text-decoration: underline\" href=\"https:\/\/moldovafrance.fr\/wordpress\/h5p\/2023\/03\/31\/ados-et-hygiene\/\" target=\"_blank\" rel=\"noopener\">ici<\/a><\/strong><\/span><\/span><\/td>\n<td style=\"width: 43.0028%;height: 75px\">Hygi\u00e8ne : Lave-toi les mains ! (chanson comique)<\/td>\n<td style=\"width: 5.79366%;height: 75px\"><span style=\"text-decoration: underline\"><span style=\"color: #ff6600;text-decoration: underline\"><a style=\"color: #ff6600;text-decoration: underline\" href=\"https:\/\/moldovafrance.fr\/wordpress\/h5p\/2023\/04\/03\/lave-toi-les-mains\/\" target=\"_blank\" rel=\"noopener\"><strong>ici<\/strong><\/a><\/span><\/span><\/td>\n<\/tr>\n<tr style=\"height: 75px\">\n<td style=\"width: 41.9066%;height: 75px\">Hygi\u00e8ne : Les bons r\u00e9flexes &#8211; Imp\u00e9ratif<\/td>\n<td style=\"width: 6.43132%;height: 75px\"><span style=\"text-decoration: underline\"><span style=\"color: #ff6600;text-decoration: underline\"><a style=\"color: #ff6600;text-decoration: underline\" href=\"https:\/\/moldovafrance.fr\/wordpress\/h5p\/2023\/04\/15\/les-bons-reflexes-imperatif\/\" target=\"_blank\" rel=\"noopener\"><strong>ici<\/strong><\/a><\/span><\/span><\/td>\n<td style=\"width: 43.0028%;height: 75px\"><\/td>\n<td style=\"width: 5.79366%;height: 75px\"><span style=\"text-decoration: underline;color: #ff6600\"><strong>\u00a0<\/strong><\/span><\/td>\n<\/tr>\n<tr style=\"height: 43px\">\n<td style=\"width: 41.9066%;height: 43px\">Synonymes : Se faire la main<\/td>\n<td style=\"width: 6.43132%;height: 43px\"><a href=\"https:\/\/moldovafrance.fr\/wordpress\/h5p\/2023\/04\/15\/synonymes-se-faire-la-main-1\/\" target=\"_blank\" rel=\"noopener\"><span style=\"color: #ff6600\"><strong><span style=\"text-decoration: underline;color: #ff6600\">ici<\/span><\/strong><\/span><\/a><\/td>\n<td style=\"width: 43.0028%;height: 43px\"><\/td>\n<td style=\"width: 5.79366%;height: 43px\"><span style=\"text-decoration: underline;color: #ff6600\"><strong>\u00a0<\/strong><\/span><\/td>\n<\/tr>\n<tr style=\"height: 75px\">\n<td style=\"width: 41.9066%;height: 75px\"># Les expressions avec une partie du corps<\/td>\n<td style=\"width: 6.43132%;height: 75px\"><a href=\"https:\/\/moldovafrance.fr\/wordpress\/h5p\/2022\/03\/30\/les-expressions-avec-une-partie-du-corps\/\" target=\"_blank\" rel=\"noopener\"><span style=\"color: #ff6600\"><strong>ici<\/strong><\/span><\/a><\/td>\n<td style=\"width: 43.0028%;height: 75px\"># Les parties du corps dans les expressions (2)<\/td>\n<td style=\"width: 5.79366%;height: 75px\"><span style=\"text-decoration: underline;color: #ff6600\"><strong><a href=\"https:\/\/moldovafrance.fr\/wordpress\/h5p\/2022\/04\/01\/les-parties-du-corps-dans-les-expressions-francaises-2\/\" target=\"_blank\" rel=\"noopener\">ici<\/a> <\/strong><\/span><\/td>\n<\/tr>\n<tr style=\"height: 106px\">\n<td style=\"width: 41.9066%;height: 106px\" colspan=\"4\"><span style=\"color: #000000\">Les 2 exercices ci-dessous ont \u00e9t\u00e9 r\u00e9alis\u00e9s par \u00ab\u00a0D\u00e9fense et promotion de la langue fran\u00e7aise &#8211; D\u00e9l\u00e9gation du Cher\u00a0\u00bb, Association loi de 1901, reconnue d&rsquo;int\u00e9r\u00eat g\u00e9n\u00e9ral qui intervient r\u00e9guli\u00e8rement dans les stages en France que nous proposons :<\/span><span style=\"text-decoration: underline;color: #ff6600\"><strong><br \/>\n<\/strong><\/span><\/td>\n<\/tr>\n<tr style=\"height: 75px\">\n<td style=\"width: 41.9066%;height: 75px\"># Le nez dans les expressions &#8211; diaporama<\/td>\n<td style=\"width: 6.43132%;height: 75px\"><span style=\"text-decoration: underline;color: #ff6600\"><strong><a style=\"color: #ff6600;text-decoration: underline\" href=\"https:\/\/moldovafrance.fr\/wordpress\/h5p\/wp-content\/uploads\/sites\/3\/2022\/02\/Le-NEZ-dans-les-expressions.ppsx\" target=\"_blank\" rel=\"noopener\">ici<\/a><\/strong><\/span><\/td>\n<td style=\"width: 43.0028%;height: 75px\"># Le Corps dans les expressions &#8211; diaporama<\/td>\n<td style=\"width: 5.79366%;height: 75px\"><strong><span style=\"text-decoration: underline\"><span style=\"color: #ff6600;text-decoration: underline\"><a style=\"color: #ff6600;text-decoration: underline\" href=\"https:\/\/moldovafrance.fr\/wordpress\/h5p\/wp-content\/uploads\/sites\/3\/2022\/02\/Le-Corps-dans-les-expressions.ppsx\" target=\"_blank\" rel=\"noopener\">ici<\/a><\/span><\/span><\/strong><\/td>\n<\/tr>\n<\/tbody>\n<\/table>\n<hr \/>\n<span class=\"su-qrcode su-qrcode-align-center\"><a target=\"_blank\" title=\"https:\/\/moldovafrance.fr\/wordpress\/h5p\/2022\/02\/01\/le-corps-humain-compilation\/\"><img decoding=\"async\" src=\"https:\/\/api.qrserver.com\/v1\/create-qr-code\/?data=https%3A%2F%2Fmoldovafrance.fr%2Fwordpress%2Fh5p%2F2022%2F02%2F01%2Fle-corps-humain-compilation%2F&amp;size=70x70&amp;format=png&amp;margin=0&amp;color=000000&amp;bgcolor=ffffff\" alt=\"https:\/\/moldovafrance.fr\/wordpress\/h5p\/2022\/02\/01\/le-corps-humain-compilation\/\" \/><\/a><\/span>\n","protected":false},"excerpt":{"rendered":"<p>Le corps humain comporte une t\u00eate port\u00e9e par le cou, un tronc (thorax et abdomen) s\u2019appuyant sur le bassin, deux<\/p>\n","protected":false},"author":4,"featured_media":0,"comment_status":"closed","ping_status":"open","sticky":false,"template":"","format":"standard","meta":{"_eb_attr":"","footnotes":""},"categories":[16,15],"tags":[32],"class_list":["post-2049","post","type-post","status-publish","format-standard","hentry","category-connaissances-generales","category-vocabulaire-orthographe","tag-auteur-jc-lelu","comments-off"],"_links":{"self":[{"href":"https:\/\/moldovafrance.fr\/wordpress\/h5p\/wp-json\/wp\/v2\/posts\/2049","targetHints":{"allow":["GET"]}}],"collection":[{"href":"https:\/\/moldovafrance.fr\/wordpress\/h5p\/wp-json\/wp\/v2\/posts"}],"about":[{"href":"https:\/\/moldovafrance.fr\/wordpress\/h5p\/wp-json\/wp\/v2\/types\/post"}],"author":[{"embeddable":true,"href":"https:\/\/moldovafrance.fr\/wordpress\/h5p\/wp-json\/wp\/v2\/users\/4"}],"replies":[{"embeddable":true,"href":"https:\/\/moldovafrance.fr\/wordpress\/h5p\/wp-json\/wp\/v2\/comments?post=2049"}],"version-history":[{"count":0,"href":"https:\/\/moldovafrance.fr\/wordpress\/h5p\/wp-json\/wp\/v2\/posts\/2049\/revisions"}],"wp:attachment":[{"href":"https:\/\/moldovafrance.fr\/wordpress\/h5p\/wp-json\/wp\/v2\/media?parent=2049"}],"wp:term":[{"taxonomy":"category","embeddable":true,"href":"https:\/\/moldovafrance.fr\/wordpress\/h5p\/wp-json\/wp\/v2\/categories?post=2049"},{"taxonomy":"post_tag","embeddable":true,"href":"https:\/\/moldovafrance.fr\/wordpress\/h5p\/wp-json\/wp\/v2\/tags?post=2049"}],"curies":[{"name":"wp","href":"https:\/\/api.w.org\/{rel}","templated":true}]}}