{"id":2381,"date":"2022-04-27T19:15:34","date_gmt":"2022-04-27T17:15:34","guid":{"rendered":"https:\/\/moldovafrance.fr\/wordpress\/h5p\/?p=2381"},"modified":"2022-04-27T19:20:02","modified_gmt":"2022-04-27T17:20:02","slug":"conjonctions-et-locutions-conjonctives-de-temps-anteriorite","status":"publish","type":"post","link":"https:\/\/moldovafrance.fr\/wordpress\/h5p\/2022\/04\/27\/conjonctions-et-locutions-conjonctives-de-temps-anteriorite\/","title":{"rendered":"Conjonctions et locutions conjonctives de temps : ant\u00e9riorit\u00e9"},"content":{"rendered":"<p style=\"text-align: center\"><strong><img fetchpriority=\"high\" decoding=\"async\" class=\"alignnone size-medium wp-image-1692\" src=\"https:\/\/moldovafrance.fr\/wordpress\/h5p\/wp-content\/uploads\/sites\/3\/2021\/09\/Grammaire-300x192.png\" alt=\"\" width=\"300\" height=\"192\" srcset=\"https:\/\/moldovafrance.fr\/wordpress\/h5p\/wp-content\/uploads\/sites\/3\/2021\/09\/Grammaire-300x192.png 300w, https:\/\/moldovafrance.fr\/wordpress\/h5p\/wp-content\/uploads\/sites\/3\/2021\/09\/Grammaire-768x492.png 768w, https:\/\/moldovafrance.fr\/wordpress\/h5p\/wp-content\/uploads\/sites\/3\/2021\/09\/Grammaire.png 783w\" sizes=\"(max-width: 300px) 100vw, 300px\" \/><\/strong><\/p>\n<p style=\"text-align: center\"><strong>Exercices XII\u00e8me classe &#8211; B2<\/strong><\/p>\n<p>&nbsp;<\/p>\n<p>&nbsp;<\/p>\n<p class=\"entry-title\"><strong>Conjonctions et locutions conjonctives de temps : ant\u00e9riorit\u00e9.<\/strong><\/p>\n<p>Th\u00e8me : Ev\u00e9nements culturels : festivals, f\u00eates, traditions, mus\u00e9es<\/p>\n<p>&nbsp;<\/p>\n<p><strong><span style=\"text-decoration: underline\">Exercice<\/span> :<\/strong><\/p>\n<div class=\"h5p-iframe-wrapper\"><iframe id=\"h5p-iframe-674\" class=\"h5p-iframe\" data-content-id=\"674\" style=\"height:1px\" src=\"about:blank\" frameBorder=\"0\" scrolling=\"no\" title=\"Ant\u00e9riorit\u00e9\"><\/iframe><\/div>\n<a id=\"Exogram\"><\/a><\/p>\n<p>&nbsp;<\/p>\n<hr \/>\n<span class=\"su-qrcode su-qrcode-align-center\"><a target=\"_blank\" title=\"https:\/\/moldovafrance.fr\/wordpress\/h5p\/2022\/04\/27\/conjonctions-et-locutions-conjonctives-de-temps-anteriorite\/\"><img decoding=\"async\" src=\"https:\/\/api.qrserver.com\/v1\/create-qr-code\/?data=https%3A%2F%2Fmoldovafrance.fr%2Fwordpress%2Fh5p%2F2022%2F04%2F27%2Fconjonctions-et-locutions-conjonctives-de-temps-anteriorite%2F&amp;size=100x100&amp;format=png&amp;margin=0&amp;color=000000&amp;bgcolor=ffffff\" alt=\"https:\/\/moldovafrance.fr\/wordpress\/h5p\/2022\/04\/27\/conjonctions-et-locutions-conjonctives-de-temps-anteriorite\/\" \/><\/a><\/span>\n","protected":false},"excerpt":{"rendered":"<p>Exercices XII\u00e8me classe &#8211; B2 &nbsp; &nbsp; Conjonctions et locutions conjonctives de temps : ant\u00e9riorit\u00e9. Th\u00e8me : Ev\u00e9nements culturels :<\/p>\n","protected":false},"author":4,"featured_media":0,"comment_status":"closed","ping_status":"open","sticky":false,"template":"","format":"standard","meta":{"_eb_attr":"","footnotes":""},"categories":[14],"tags":[85],"class_list":["post-2381","post","type-post","status-publish","format-standard","hentry","category-grammaire-conjugaison","tag-auteurs-jc-lelu-i-lisnic","comments-off"],"_links":{"self":[{"href":"https:\/\/moldovafrance.fr\/wordpress\/h5p\/wp-json\/wp\/v2\/posts\/2381","targetHints":{"allow":["GET"]}}],"collection":[{"href":"https:\/\/moldovafrance.fr\/wordpress\/h5p\/wp-json\/wp\/v2\/posts"}],"about":[{"href":"https:\/\/moldovafrance.fr\/wordpress\/h5p\/wp-json\/wp\/v2\/types\/post"}],"author":[{"embeddable":true,"href":"https:\/\/moldovafrance.fr\/wordpress\/h5p\/wp-json\/wp\/v2\/users\/4"}],"replies":[{"embeddable":true,"href":"https:\/\/moldovafrance.fr\/wordpress\/h5p\/wp-json\/wp\/v2\/comments?post=2381"}],"version-history":[{"count":0,"href":"https:\/\/moldovafrance.fr\/wordpress\/h5p\/wp-json\/wp\/v2\/posts\/2381\/revisions"}],"wp:attachment":[{"href":"https:\/\/moldovafrance.fr\/wordpress\/h5p\/wp-json\/wp\/v2\/media?parent=2381"}],"wp:term":[{"taxonomy":"category","embeddable":true,"href":"https:\/\/moldovafrance.fr\/wordpress\/h5p\/wp-json\/wp\/v2\/categories?post=2381"},{"taxonomy":"post_tag","embeddable":true,"href":"https:\/\/moldovafrance.fr\/wordpress\/h5p\/wp-json\/wp\/v2\/tags?post=2381"}],"curies":[{"name":"wp","href":"https:\/\/api.w.org\/{rel}","templated":true}]}}