{"id":2412,"date":"2022-05-03T16:55:38","date_gmt":"2022-05-03T14:55:38","guid":{"rendered":"https:\/\/moldovafrance.fr\/wordpress\/h5p\/?p=2412"},"modified":"2025-11-02T15:58:43","modified_gmt":"2025-11-02T14:58:43","slug":"le-temps-qui-passe-et-ou-le-temps-quil-fait-compilation","status":"publish","type":"post","link":"https:\/\/moldovafrance.fr\/wordpress\/h5p\/2022\/05\/03\/le-temps-qui-passe-et-ou-le-temps-quil-fait-compilation\/","title":{"rendered":"Le TEMPS qui passe et\/ou le temps qu&rsquo;il fait &#8211; Compilation."},"content":{"rendered":"<p>&nbsp;<\/p>\n<table class=\" aligncenter\" style=\"border-collapse: collapse;width: 46.1721%\">\n<tbody>\n<tr>\n<td style=\"width: 23.336%\"><img decoding=\"async\" class=\"alignnone wp-image-2409\" src=\"https:\/\/moldovafrance.fr\/wordpress\/h5p\/wp-content\/uploads\/sites\/3\/2022\/05\/Tps-qui-passe-300x240.png\" alt=\"\" width=\"170\" height=\"136\" srcset=\"https:\/\/moldovafrance.fr\/wordpress\/h5p\/wp-content\/uploads\/sites\/3\/2022\/05\/Tps-qui-passe-300x240.png 300w, https:\/\/moldovafrance.fr\/wordpress\/h5p\/wp-content\/uploads\/sites\/3\/2022\/05\/Tps-qui-passe.png 400w\" sizes=\"(max-width: 170px) 100vw, 170px\" \/><\/td>\n<td style=\"width: 3.47594%;text-align: center\"><span style=\"font-size: 14pt\"><strong>ou<\/strong><\/span><\/td>\n<td style=\"width: 19.2987%\"><img decoding=\"async\" class=\"alignnone wp-image-2410\" src=\"https:\/\/moldovafrance.fr\/wordpress\/h5p\/wp-content\/uploads\/sites\/3\/2022\/05\/temps-quil-fait-267x300.png\" alt=\"\" width=\"120\" height=\"134\" srcset=\"https:\/\/moldovafrance.fr\/wordpress\/h5p\/wp-content\/uploads\/sites\/3\/2022\/05\/temps-quil-fait-267x300.png 267w, https:\/\/moldovafrance.fr\/wordpress\/h5p\/wp-content\/uploads\/sites\/3\/2022\/05\/temps-quil-fait.png 393w\" sizes=\"(max-width: 120px) 100vw, 120px\" \/><\/td>\n<\/tr>\n<\/tbody>\n<\/table>\n<p>&nbsp;<\/p>\n<p style=\"text-align: justify\"><strong>TEMPS :<\/strong> du latin \u00ab\u00a0tempus\u00a0\u00bb est un nom masculin singulier.<br \/>\nIl est le plus souvent employ\u00e9 au singulier mais garde toujours un \u00ab\u00a0S\u00a0\u00bb qui ne se prononce pas.<br \/>\nIl a de nombreux sens, nous allons nous occuper de ce qui touche \u00e0 la <strong>chronologie<\/strong> (heures, jours, saisons&#8230;) et \u00e0 la <strong>m\u00e9t\u00e9orologie<\/strong>.<\/p>\n<p style=\"text-align: justify\">Il a des <strong>Homophones<\/strong> :<\/p>\n<ul class=\"HomonymeDirects\" style=\"text-align: justify\">\n<li class=\"Homonyme\"><span class=\"Renvois\"><b>tan<\/b><\/span> : <span class=\"CatGramHomonyme\">nom masculin (poudre v\u00e9g\u00e9tale)<\/span><\/li>\n<li class=\"Homonyme\"><span class=\"Renvois\"><b>tant<\/b> :<\/span>\u00a0<span class=\"CatGramHomonyme\">adverbe<\/span><\/li>\n<li class=\"Homonyme\"><span class=\"Renvois\"><b>taon <\/b>:<\/span>\u00a0<span class=\"CatGramHomonyme\">nom masculin (insecte)<\/span><\/li>\n<li class=\"Homonyme\"><b>t&rsquo;en<\/b> : <span class=\"CatGramHomonyme\">pronom<\/span><\/li>\n<li class=\"Homonyme\"><b>tend<\/b> : <span class=\"CatGramHomonyme\">forme conjugu\u00e9e du verbe\u00a0<i>tendre<\/i><\/span><\/li>\n<li class=\"Homonyme\"><b>tends<\/b> : <span class=\"CatGramHomonyme\">forme conjugu\u00e9e du verbe\u00a0<i>tendre<\/i><\/span><\/li>\n<\/ul>\n<p style=\"text-align: justify\"><strong>Difficult\u00e9s<\/strong> :<\/p>\n<p class=\"TypeDifficulte\" style=\"text-align: justify\">Orthographe :<\/p>\n<div class=\"BlocNumDifficulte\">\n<ul style=\"text-align: justify\">\n<li class=\"NumDifficulte\">On \u00e9crit au singulier : <i>de tout temps, en tout temps, quelque temps, en temps et lieu, en temps utile, de temps \u00e0 autre, \u00e0 temps perdu<\/i>.<\/li>\n<li class=\"NumDifficulte\">On \u00e9crit, indiff\u00e9remment au singulier ou au pluriel : <i>par le temps qui court, par les temps qui courent<\/i>.<\/li>\n<li class=\"NumDifficulte\"><span class=\"AdresseDifficulte\"><i>On \u00e9crit entre-temps<\/i><\/span>, avec un trait d&rsquo;union.<\/li>\n<li class=\"NumDifficulte\"><span class=\"AdresseDifficulte\"><i>Au temps \/ autant : <\/i><\/span>Le commandement \u00ab\u00a0<i>au temps\u00a0\u00bb<\/i>\u00a0indique (dans les exercices militaires, en gymnastique, en escrime, etc.) un retour au mouvement (temps) pr\u00e9c\u00e9dent.<\/li>\n<li class=\"NumDifficulte\"><i>\u00ab\u00a0Au temps pour moi<\/i> \u00a0\u00bb se dit pour reconna\u00eetre qu&rsquo;on s&rsquo;est tromp\u00e9 et qu&rsquo;on est pr\u00eat \u00e0 revenir sur son avis<span class=\"BlocCitationDifficulte\"><span class=\"AuteurCitationDifficulte\">.<\/span><\/span><\/li>\n<\/ul>\n<p class=\"TypeDifficulte\" style=\"text-align: justify\">Construction :<\/p>\n<div class=\"BlocNumDifficulte\">\n<ul>\n<li class=\"NumDifficulte\" style=\"text-align: justify\"><span class=\"AdresseDifficulte\"><i>Le temps de<\/i><\/span>\u00a0(+ infinitif),\u00a0<span class=\"AdresseDifficulte\"><i>que<\/i><\/span>\u00a0(+ subjonctif)\u00a0:\u00a0<i>le <strong>temps de<\/strong> me maquiller et j&rsquo;arrive ! \/ le court-circuit avait mis le feu et <strong>le temps que<\/strong> les pompiers soient l\u00e0, le garage avait br\u00fbl\u00e9<\/i>.<\/li>\n<li class=\"NumDifficulte\" style=\"text-align: justify\"><i>Il est temps de<\/i><span style=\"font-size: 1.125rem\">\u00a0(+ infinitif),\u00a0<\/span><span class=\"AdresseDifficulte\" style=\"font-size: 1.125rem\"><i>que<\/i><\/span><span style=\"font-size: 1.125rem\">\u00a0(+ subjonctif)\u00a0:\u00a0<\/span><i style=\"font-size: 1.125rem\">il est <strong>temps de<\/strong> partir \/ il \u00e9tait temps que nous nous mettions en hauteur<\/i><span style=\"font-size: 1.125rem\">.<\/span><\/li>\n<\/ul>\n<p>&nbsp;<\/p>\n<\/div>\n<\/div>\n<p style=\"text-align: justify\"><em>Cet article vous propose \u00a0une <strong>compilation <\/strong><span style=\"font-size: 1.125rem\">de tous les exercices (utilisables \u00e0 des niveaux vari\u00e9s), sur le th\u00e8me du temps (qui passe ou qu&rsquo;il fait),<\/span><\/em><em style=\"font-size: 1.125rem\"><b style=\"font-size: 1.125rem\">\u00a0<\/b><span style=\"font-size: 1.125rem\">qui sont sur ce site et un <\/span><strong>exercice<\/strong> facile (Mots crois\u00e9s).<\/em><\/p>\n<p>&nbsp;<\/p>\n<p style=\"text-align: center\"><em>Cette page sera actualis\u00e9e au fur et \u00e0 mesure des cr\u00e9ations.<\/em><\/p>\n<p>&nbsp;<\/p>\n<p><strong><span style=\"text-decoration: underline\">Compilation<\/span> :<\/strong><\/p>\n<table class=\" aligncenter\" style=\"width: 101.638%;border-collapse: collapse;border-style: ridge;border-color: #0760a8;background-color: #bfe3f2\">\n<tbody>\n<tr>\n<td style=\"width: 46.13%\">Lecture d&rsquo;image : L&rsquo;heure, les moments de la journ\u00e9e<\/td>\n<td style=\"width: 4.66168%\"><strong style=\"color: #ff6600;text-align: start\"><a style=\"color: #ff6600;text-decoration: underline\" href=\"https:\/\/moldovafrance.fr\/wordpress\/h5p\/2020\/12\/23\/lecture-dimage-lheure-les-moments-de-la-journee\/\" target=\"_blank\" rel=\"noopener\">ici<\/a><\/strong><\/td>\n<td style=\"width: 43.236%\"><\/td>\n<td style=\"width: 5.92757%\"><\/td>\n<\/tr>\n<tr>\n<td style=\"width: 46.13%\">Lire et dire l&rsquo;heure en fran\u00e7ais<\/td>\n<td style=\"width: 4.66168%\"><a href=\"https:\/\/moldovafrance.fr\/wordpress\/h5p\/2022\/05\/10\/lire-et-dire-lheure-en-francais\/\" target=\"_blank\" rel=\"noopener\"><strong style=\"color: #ff6600;text-align: start\">ici<\/strong><\/a><\/td>\n<td style=\"width: 43.236%\"><\/td>\n<td style=\"width: 5.92757%\"><\/td>\n<\/tr>\n<tr>\n<td style=\"width: 46.13%\">Lire et \u00e9crire l&rsquo;heure en fran\u00e7ais<\/td>\n<td style=\"width: 4.66168%\"><a href=\"https:\/\/moldovafrance.fr\/wordpress\/h5p\/2022\/05\/10\/lire-et-ecrire-lheure-en-francais\/\" target=\"_blank\" rel=\"noopener\"><strong style=\"color: #ff6600;text-align: start\">ici<\/strong><\/a><\/td>\n<td style=\"width: 43.236%\">Lire et \u00e9crire l&rsquo;heure en fran\u00e7ais (2)<\/td>\n<td style=\"width: 5.92757%\"><a href=\"https:\/\/moldovafrance.fr\/wordpress\/h5p\/2022\/05\/10\/lire-et-ecrire-lheure-en-francais-2\/\" target=\"_blank\" rel=\"noopener\"><strong style=\"color: #ff6600;text-align: start\">ici<\/strong><\/a><\/td>\n<\/tr>\n<tr>\n<td style=\"width: 46.13%\">Savoir lire et dire le nom des saisons (+ \u00e9coute)<\/td>\n<td style=\"width: 4.66168%\"><strong style=\"color: #ff6600\"><strong><a style=\"color: #ff6600;text-decoration: underline\" href=\"https:\/\/moldovafrance.fr\/wordpress\/h5p\/2020\/11\/29\/savoir-lire-et-dire-le-nom-des-saisons-en-francais\/\" target=\"_blank\" rel=\"noopener\">ici<\/a><\/strong><br \/>\n<\/strong><\/td>\n<td style=\"width: 43.236%\">Les saisons<\/td>\n<td style=\"width: 5.92757%\"><a href=\"https:\/\/moldovafrance.fr\/wordpress\/h5p\/2020\/10\/18\/les-saisons\/\" target=\"_blank\" rel=\"noopener\"><span style=\"text-decoration: underline;color: #ff6600\"><strong>ici<\/strong><\/span><\/a><\/td>\n<\/tr>\n<tr>\n<td style=\"width: 46.13%\">Saisons et mois<\/td>\n<td style=\"width: 4.66168%\"><a href=\"https:\/\/moldovafrance.fr\/wordpress\/h5p\/2022\/05\/09\/saisons-et-mois\/\" target=\"_blank\" rel=\"noopener\"><strong style=\"color: #ff6600\"><strong>ici<\/strong><\/strong><\/a><\/td>\n<td style=\"width: 43.236%\">Saisons et mois (2)<\/td>\n<td style=\"width: 5.92757%\"><a href=\"https:\/\/moldovafrance.fr\/wordpress\/h5p\/2022\/05\/09\/saisons-et-mois-2\/\" target=\"_blank\" rel=\"noopener\"><span style=\"text-decoration: underline;color: #ff6600\"><strong>ici<\/strong><\/span><\/a><\/td>\n<\/tr>\n<tr>\n<td style=\"width: 46.13%\">Saisons et mois (3)<\/td>\n<td style=\"width: 4.66168%\"><a href=\"https:\/\/moldovafrance.fr\/wordpress\/h5p\/2022\/05\/10\/saisons-et-mois-3\/\" target=\"_blank\" rel=\"noopener\"><strong style=\"color: #ff6600\"><strong>ici<\/strong><\/strong><\/a><\/td>\n<td style=\"width: 43.236%\"><\/td>\n<td style=\"width: 5.92757%\"><span style=\"text-decoration: underline;color: #ff6600\"><strong>\u00a0<\/strong><\/span><\/td>\n<\/tr>\n<tr>\n<td style=\"width: 46.13%\">Savoir lire et dire les jours de la semaine<\/td>\n<td style=\"width: 4.66168%\"><strong style=\"color: #ff6600\"><a style=\"color: #ff6600;text-decoration: underline\" href=\"https:\/\/moldovafrance.fr\/wordpress\/h5p\/2020\/11\/28\/savoir-lire-et-dire-les-jours-de-la-semaine\/\" target=\"_blank\" rel=\"noopener\">ici<\/a><\/strong><\/td>\n<td style=\"width: 43.236%\"><\/td>\n<td style=\"width: 5.92757%\"><\/td>\n<\/tr>\n<tr>\n<td style=\"width: 46.13%\">Les jours de la semaine<\/td>\n<td style=\"width: 4.66168%\"><strong style=\"color: #ff6600\"><strong><a style=\"color: #ff6600;text-decoration: underline\" href=\"https:\/\/moldovafrance.fr\/wordpress\/h5p\/2020\/10\/18\/les-jours-de-la-semaine\/\" target=\"_blank\" rel=\"noopener\">ici<\/a><\/strong><br \/>\n<\/strong><\/td>\n<td style=\"width: 43.236%\">Les jours de la semaine (2)<\/td>\n<td style=\"width: 5.92757%\"><a href=\"https:\/\/moldovafrance.fr\/wordpress\/h5p\/2020\/10\/18\/les-jours-de-la-semaine-2\/\" target=\"_blank\" rel=\"noopener\"><span style=\"text-decoration: underline;color: #ff6600\"><strong>ici<\/strong><\/span><\/a><\/td>\n<\/tr>\n<tr>\n<td style=\"width: 46.13%\">Les mois de l&rsquo;ann\u00e9e<\/td>\n<td style=\"width: 4.66168%\"><span style=\"text-decoration: underline;color: #ff6600\"><strong><a style=\"color: #ff6600;text-decoration: underline\" href=\"https:\/\/moldovafrance.fr\/wordpress\/h5p\/2020\/10\/18\/les-mois-de-lannee\/\" target=\"_blank\" rel=\"noopener\">ici<\/a><\/strong><\/span><\/td>\n<td style=\"width: 43.236%\"><\/td>\n<td style=\"width: 5.92757%\"><\/td>\n<\/tr>\n<tr>\n<td style=\"width: 46.13%\">M\u00e9t\u00e9o : Comment dire le temps qu&rsquo;il fait ?<\/td>\n<td style=\"width: 4.66168%\"><span style=\"text-decoration: underline;color: #ff6600\"><strong><a style=\"color: #ff6600;text-decoration: underline\" href=\"https:\/\/moldovafrance.fr\/wordpress\/h5p\/2022\/05\/03\/meteo-comment-dire-le-temps-quil-fait\/\" target=\"_blank\" rel=\"noopener\">ici<\/a><\/strong><\/span><\/td>\n<td style=\"width: 43.236%\">M\u00e9t\u00e9o : Comment dire le temps qu&rsquo;il fait ? (2)<\/td>\n<td style=\"width: 5.92757%\"><a href=\"https:\/\/moldovafrance.fr\/wordpress\/h5p\/2022\/05\/03\/meteo-comment-dire-le-temps-quil-fait-2\/\" target=\"_blank\" rel=\"noopener\"><span style=\"text-decoration: underline;color: #ff6600\"><strong>ici<\/strong><\/span><\/a><\/td>\n<\/tr>\n<tr>\n<td style=\"width: 46.13%\"># Expressions fran\u00e7aises autour du temps<\/td>\n<td style=\"width: 4.66168%\"><a href=\"https:\/\/moldovafrance.fr\/wordpress\/h5p\/2022\/05\/03\/expressions-autour-du-temps\/\" target=\"_blank\" rel=\"noopener\"><span style=\"text-decoration: underline;color: #ff6600\"><strong>ici<\/strong><\/span><\/a><\/td>\n<td style=\"width: 43.236%\"><\/td>\n<td style=\"width: 5.92757%\"><span style=\"text-decoration: underline;color: #ff6600\"><strong>\u00a0<\/strong><\/span><\/td>\n<\/tr>\n<\/tbody>\n<\/table>\n<hr \/>\n<p><strong><span style=\"text-decoration: underline\">Exercice<\/span>\u00a0:<\/strong><\/p>\n<div class=\"h5p-iframe-wrapper\"><iframe id=\"h5p-iframe-689\" class=\"h5p-iframe\" data-content-id=\"689\" style=\"height:1px\" src=\"about:blank\" frameBorder=\"0\" scrolling=\"no\" title=\"Temps qu&#039;il fait \/ qui passe\"><\/iframe><\/div>\n<hr \/>\n<span class=\"su-qrcode su-qrcode-align-center\"><a target=\"_blank\" title=\"https:\/\/moldovafrance.fr\/wordpress\/h5p\/2022\/05\/03\/le-temps-qui-passe-et-ou-le-temps-quil-fait-compilation\/\"><img decoding=\"async\" src=\"https:\/\/api.qrserver.com\/v1\/create-qr-code\/?data=https%3A%2F%2Fmoldovafrance.fr%2Fwordpress%2Fh5p%2F2022%2F05%2F03%2Fle-temps-qui-passe-et-ou-le-temps-quil-fait-compilation%2F&amp;size=100x100&amp;format=png&amp;margin=0&amp;color=000000&amp;bgcolor=ffffff\" alt=\"https:\/\/moldovafrance.fr\/wordpress\/h5p\/2022\/05\/03\/le-temps-qui-passe-et-ou-le-temps-quil-fait-compilation\/\" \/><\/a><\/span>\n","protected":false},"excerpt":{"rendered":"<p>&nbsp; ou &nbsp; TEMPS : du latin \u00ab\u00a0tempus\u00a0\u00bb est un nom masculin singulier. Il est le plus souvent employ\u00e9 au<\/p>\n","protected":false},"author":4,"featured_media":0,"comment_status":"closed","ping_status":"open","sticky":false,"template":"","format":"standard","meta":{"_eb_attr":"","footnotes":""},"categories":[16,15],"tags":[32],"class_list":["post-2412","post","type-post","status-publish","format-standard","hentry","category-connaissances-generales","category-vocabulaire-orthographe","tag-auteur-jc-lelu","comments-off"],"_links":{"self":[{"href":"https:\/\/moldovafrance.fr\/wordpress\/h5p\/wp-json\/wp\/v2\/posts\/2412","targetHints":{"allow":["GET"]}}],"collection":[{"href":"https:\/\/moldovafrance.fr\/wordpress\/h5p\/wp-json\/wp\/v2\/posts"}],"about":[{"href":"https:\/\/moldovafrance.fr\/wordpress\/h5p\/wp-json\/wp\/v2\/types\/post"}],"author":[{"embeddable":true,"href":"https:\/\/moldovafrance.fr\/wordpress\/h5p\/wp-json\/wp\/v2\/users\/4"}],"replies":[{"embeddable":true,"href":"https:\/\/moldovafrance.fr\/wordpress\/h5p\/wp-json\/wp\/v2\/comments?post=2412"}],"version-history":[{"count":0,"href":"https:\/\/moldovafrance.fr\/wordpress\/h5p\/wp-json\/wp\/v2\/posts\/2412\/revisions"}],"wp:attachment":[{"href":"https:\/\/moldovafrance.fr\/wordpress\/h5p\/wp-json\/wp\/v2\/media?parent=2412"}],"wp:term":[{"taxonomy":"category","embeddable":true,"href":"https:\/\/moldovafrance.fr\/wordpress\/h5p\/wp-json\/wp\/v2\/categories?post=2412"},{"taxonomy":"post_tag","embeddable":true,"href":"https:\/\/moldovafrance.fr\/wordpress\/h5p\/wp-json\/wp\/v2\/tags?post=2412"}],"curies":[{"name":"wp","href":"https:\/\/api.w.org\/{rel}","templated":true}]}}