{"id":2425,"date":"2022-05-05T09:18:30","date_gmt":"2022-05-05T07:18:30","guid":{"rendered":"https:\/\/moldovafrance.fr\/wordpress\/h5p\/?p=2425"},"modified":"2025-11-02T15:58:31","modified_gmt":"2025-11-02T14:58:31","slug":"les-medias-compilation","status":"publish","type":"post","link":"https:\/\/moldovafrance.fr\/wordpress\/h5p\/2022\/05\/05\/les-medias-compilation\/","title":{"rendered":"Les M\u00c9DIAS &#8211; Compilation."},"content":{"rendered":"<p><img decoding=\"async\" class=\"alignnone  wp-image-3827 aligncenter\" src=\"https:\/\/moldovafrance.fr\/wordpress\/h5p\/wp-content\/uploads\/sites\/3\/2022\/05\/Medias.jpeg\" alt=\"\" width=\"213\" height=\"128\" \/><\/p>\n<p>&nbsp;<\/p>\n<p style=\"text-align: center\">\u00ab\u00a0<strong>La libert\u00e9 de la presse pr\u00e9sente des inconv\u00e9nients. Mais moins que l&rsquo;absence de libert\u00e9.<\/strong>\u00a0\u00bb (F. Mitterrand)<\/p>\n<p style=\"text-align: center\">\u00ab\u00a0<strong>Notre libert\u00e9 d\u00e9pend de la libert\u00e9 de la presse et elle ne saurait \u00eatre limit\u00e9e sans \u00eatre perdue.<\/strong>\u00a0\u00bb (Th. Jefferson)<\/p>\n<p>&nbsp;<\/p>\n<div class=\"BlocNumDifficulte\">\n<div class=\"BlocNumDifficulte\">\n<p style=\"text-align: justify\">Un <strong>m\u00e9dia<\/strong> est une institution ou un moyen impersonnel permettant une diffusion large et collective d&rsquo;informations ou d&rsquo;opinions, quel qu&rsquo;en soit le support. Exemples : la radio, la t\u00e9l\u00e9vision, la presse, les livres, la publicit\u00e9, internet etc. Il permet de communiquer vers un tr\u00e8s grand nombre de personnes sans qu&rsquo;il y ait possibilit\u00e9 de personnaliser le message. On parle aussi de mass-m\u00e9dia (ou m\u00e9dia de masse).<\/p>\n<p>Les principaux supports de diffusion ou de transmission de l&rsquo;information sont :<br \/>\nles messages \u00e9crits (presse, \u00e9dition, affichage publicitaire)<br \/>\nla radiodiffusion hertzienne (radio)<br \/>\nla t\u00e9l\u00e9diffusion hertzienne ou par fibre ou par satellite (t\u00e9l\u00e9vision)<br \/>\nla projection cin\u00e9matographique (film, documentaire, publicit\u00e9)<br \/>\nle r\u00e9seau Internet (sites d&rsquo;information, de propagandes, spams)<\/p>\n<p>&nbsp;<\/p>\n<\/div>\n<p style=\"text-align: justify\"><em>Cet article vous propose \u00a0une <strong>compilation <\/strong><span style=\"font-size: 1.125rem\">de tous les exercices (utilisables \u00e0 des niveaux vari\u00e9s), sur le th\u00e8me des m\u00e9dias,<\/span><\/em><em style=\"font-size: 1.125rem\"><b style=\"font-size: 1.125rem\">\u00a0<\/b><span style=\"font-size: 1.125rem\">qui sont sur ce site et un <\/span><strong>exercice<\/strong> facile (Mots crois\u00e9s).<\/em><\/p>\n<p>&nbsp;<\/p>\n<p style=\"text-align: center\"><em>Cette page sera actualis\u00e9e au fur et \u00e0 mesure des cr\u00e9ations.<\/em><\/p>\n<p>&nbsp;<\/p>\n<p><strong><span style=\"text-decoration: underline\">Compilation<\/span> :<\/strong><\/p>\n<table class=\" aligncenter\" style=\"width: 100.246%;border-collapse: collapse;border-style: ridge;border-color: #0760a8;background-color: #bfe3f2\">\n<tbody>\n<tr>\n<td style=\"width: 46.13%\">Les m\u00e9dias en France &#8211; Concordance des temps \u00e0 l\u2019indicatif (rappel)<\/td>\n<td style=\"width: 4.66168%\"><strong style=\"color: #ff6600;text-align: start\"><a style=\"color: #ff6600;text-decoration: underline\" href=\"https:\/\/moldovafrance.fr\/wordpress\/h5p\/2022\/03\/12\/les-medias-en-france-concordance-des-temps-a-lindicatif-rappel\/\" target=\"_blank\" rel=\"noopener\">ici<\/a><\/strong><\/td>\n<td style=\"width: 43.236%\">Nous sommes tous des m\u00e9dias \u2013 Propositions infinitives<\/td>\n<td style=\"width: 2.16811%\"><a style=\"color: #303030\" href=\"https:\/\/moldovafrance.fr\/wordpress\/h5p\/2021\/05\/01\/nous-sommes-tous-des-medias-propositions-infinitives\/\" target=\"_blank\" rel=\"noopener\"><span style=\"text-decoration: underline;color: #ff6600\"><strong>ici<\/strong><\/span><\/a><\/td>\n<\/tr>\n<tr>\n<td style=\"width: 46.13%\">Les diff\u00e9rents m\u00e9dias \u2013 Les pronoms relatifs<\/td>\n<td style=\"width: 4.66168%\"><strong style=\"color: #ff6600\"><strong><a style=\"color: #ff6600;text-decoration: underline\" href=\"https:\/\/moldovafrance.fr\/wordpress\/h5p\/2021\/04\/24\/les-differents-medias-les-pronoms-relatifs\/\" target=\"_blank\" rel=\"noopener\">ici<\/a><\/strong><br \/>\n<\/strong><\/td>\n<td style=\"width: 43.236%\"><\/td>\n<td style=\"width: 2.16811%\"><\/td>\n<\/tr>\n<tr>\n<td style=\"width: 46.13%\">Concordance des temps \u00e0 l\u2019indicatif (rappel) &#8211; th\u00e8me : Les m\u00e9dias<\/td>\n<td style=\"width: 4.66168%\"><strong style=\"color: #ff6600\"><a style=\"color: #ff6600;text-decoration: underline\" href=\"https:\/\/moldovafrance.fr\/wordpress\/h5p\/2022\/03\/15\/concordance-des-temps-a-lindicatif-rappel\/\" target=\"_blank\" rel=\"noopener\">ici<\/a><\/strong><\/td>\n<td style=\"width: 43.236%\"><\/td>\n<td style=\"width: 2.16811%\"><\/td>\n<\/tr>\n<tr>\n<td style=\"width: 46.13%\">Lecture d&rsquo;images : La presse \u00e9crite<\/td>\n<td style=\"width: 4.66168%\"><span style=\"text-decoration: underline;color: #ff6600\"><strong><a style=\"color: #ff6600;text-decoration: underline\" href=\"https:\/\/moldovafrance.fr\/wordpress\/h5p\/2021\/04\/25\/la-presse-ecrite\/\" target=\"_blank\" rel=\"noopener\">ici<\/a><\/strong><\/span><\/td>\n<td style=\"width: 43.236%\"><\/td>\n<td style=\"width: 2.16811%\"><\/td>\n<\/tr>\n<tr>\n<td style=\"width: 46.13%\"># Expressions fran\u00e7aises autour de l&rsquo;information \/ Vocabulaire de la presse<\/td>\n<td style=\"width: 4.66168%\"><a href=\"https:\/\/moldovafrance.fr\/wordpress\/h5p\/2022\/05\/05\/expressions-autour-des-informations-vocabulaire-de-la-presse\/\" target=\"_blank\" rel=\"noopener\"><span style=\"text-decoration: underline;color: #ff6600\"><strong>ici<\/strong><\/span><\/a><\/td>\n<td style=\"width: 43.236%\"><\/td>\n<td style=\"width: 2.16811%\"><span style=\"text-decoration: underline;color: #ff6600\"><strong>\u00a0<\/strong><\/span><\/td>\n<\/tr>\n<\/tbody>\n<\/table>\n<hr \/>\n<p><strong><span style=\"text-decoration: underline\">Exercice<\/span>\u00a0:<\/strong><\/p>\n<div class=\"h5p-iframe-wrapper\"><iframe id=\"h5p-iframe-692\" class=\"h5p-iframe\" data-content-id=\"692\" style=\"height:1px\" src=\"about:blank\" frameBorder=\"0\" scrolling=\"no\" title=\"M\u00e9dias\"><\/iframe><\/div>\n<hr \/>\n<span class=\"su-qrcode su-qrcode-align-center\"><a target=\"_blank\" title=\"https:\/\/moldovafrance.fr\/wordpress\/h5p\/2022\/05\/05\/les-medias-compilation\/\"><img decoding=\"async\" src=\"https:\/\/api.qrserver.com\/v1\/create-qr-code\/?data=https%3A%2F%2Fmoldovafrance.fr%2Fwordpress%2Fh5p%2F2022%2F05%2F05%2Fles-medias-compilation%2F&amp;size=100x100&amp;format=png&amp;margin=0&amp;color=000000&amp;bgcolor=ffffff\" alt=\"https:\/\/moldovafrance.fr\/wordpress\/h5p\/2022\/05\/05\/les-medias-compilation\/\" \/><\/a><\/span>\n<\/div>\n","protected":false},"excerpt":{"rendered":"<p>&nbsp; \u00ab\u00a0La libert\u00e9 de la presse pr\u00e9sente des inconv\u00e9nients. Mais moins que l&rsquo;absence de libert\u00e9.\u00a0\u00bb (F. Mitterrand) \u00ab\u00a0Notre libert\u00e9 d\u00e9pend<\/p>\n","protected":false},"author":4,"featured_media":0,"comment_status":"closed","ping_status":"open","sticky":false,"template":"","format":"standard","meta":{"_eb_attr":"","footnotes":""},"categories":[16,15],"tags":[32],"class_list":["post-2425","post","type-post","status-publish","format-standard","hentry","category-connaissances-generales","category-vocabulaire-orthographe","tag-auteur-jc-lelu","comments-off"],"_links":{"self":[{"href":"https:\/\/moldovafrance.fr\/wordpress\/h5p\/wp-json\/wp\/v2\/posts\/2425","targetHints":{"allow":["GET"]}}],"collection":[{"href":"https:\/\/moldovafrance.fr\/wordpress\/h5p\/wp-json\/wp\/v2\/posts"}],"about":[{"href":"https:\/\/moldovafrance.fr\/wordpress\/h5p\/wp-json\/wp\/v2\/types\/post"}],"author":[{"embeddable":true,"href":"https:\/\/moldovafrance.fr\/wordpress\/h5p\/wp-json\/wp\/v2\/users\/4"}],"replies":[{"embeddable":true,"href":"https:\/\/moldovafrance.fr\/wordpress\/h5p\/wp-json\/wp\/v2\/comments?post=2425"}],"version-history":[{"count":0,"href":"https:\/\/moldovafrance.fr\/wordpress\/h5p\/wp-json\/wp\/v2\/posts\/2425\/revisions"}],"wp:attachment":[{"href":"https:\/\/moldovafrance.fr\/wordpress\/h5p\/wp-json\/wp\/v2\/media?parent=2425"}],"wp:term":[{"taxonomy":"category","embeddable":true,"href":"https:\/\/moldovafrance.fr\/wordpress\/h5p\/wp-json\/wp\/v2\/categories?post=2425"},{"taxonomy":"post_tag","embeddable":true,"href":"https:\/\/moldovafrance.fr\/wordpress\/h5p\/wp-json\/wp\/v2\/tags?post=2425"}],"curies":[{"name":"wp","href":"https:\/\/api.w.org\/{rel}","templated":true}]}}