{"id":2536,"date":"2022-06-15T06:15:38","date_gmt":"2022-06-15T04:15:38","guid":{"rendered":"https:\/\/moldovafrance.fr\/wordpress\/h5p\/?p=2536"},"modified":"2025-11-02T15:58:09","modified_gmt":"2025-11-02T14:58:09","slug":"les-voyages-compilation","status":"publish","type":"post","link":"https:\/\/moldovafrance.fr\/wordpress\/h5p\/2022\/06\/15\/les-voyages-compilation\/","title":{"rendered":"Les VOYAGES &#8211; Compilation."},"content":{"rendered":"<p><img fetchpriority=\"high\" decoding=\"async\" class=\"aligncenter\" src=\"https:\/\/www.leparisien.fr\/resizer\/SFKC-kX5cck_E7WyR_o6-L2u74M=\/932x582\/cloudfront-eu-central-1.images.arcpublishing.com\/leparisien\/6VJXEHT7MNFUNJSSPSHFCAIAJM.jpg\" alt=\"https:\/\/www.leparisien.fr\/resizer\/SFKC-kX5cck_E7WyR_o6-L2u74M=\/932x582\/cloudfront-eu-central-1.images.arcpublishing.com\/leparisien\/6VJXEHT7MNFUNJSSPSHFCAIAJM.jpg\" width=\"284\" height=\"177\" \/><\/p>\n<p>&nbsp;<\/p>\n<p style=\"text-align: center\"><strong>\u00ab\u00a0\u200bLe v\u00e9ritable voyage de d\u00e9couverte ne consiste pas \u00e0 chercher de nouveaux paysages, mais \u00e0 avoir de nouveaux yeux\u00a0\u00bb<\/strong><br \/>\n(Marcel Proust, \u00e9crivain fran\u00e7ais)<\/p>\n<p style=\"text-align: center\"><strong>\u00ab\u00a0Voyager c&rsquo;est na\u00eetre et mourir \u00e0 chaque instant\u00a0\u00bb<\/strong><br \/>\n(Victor Hugo, po\u00e8te, dramaturge, romancier et dessinateur fran\u00e7ais)<\/p>\n<p style=\"text-align: center\">\u00ab\u00a0<strong>Rester, c\u2019est exister. Voyager, c\u2019est vivre\u00a0\u00bb<\/strong><br \/>\n(Gustave Nadaud, po\u00e8te et chansonnier fran\u00e7ais)<\/p>\n<p style=\"text-align: center\"><strong>\u00ab\u00a0Le plus beau voyage, c&rsquo;est celui qu&rsquo;on n\u2019a pas encore fait<\/strong>\u00a0\u00bb<br \/>\n(Lo\u00efck Peyron, navigateur fran\u00e7ais)<\/p>\n<p>&nbsp;<\/p>\n<div class=\"BlocNumDifficulte\">\n<div class=\"BlocNumDifficulte\">\n<p style=\"text-align: justify\">\n<\/div>\n<p style=\"text-align: justify\"><em>Cet article vous propose \u00a0une <strong>compilation <\/strong><span style=\"font-size: 1.125rem\">de tous les exercices (utilisables \u00e0 des niveaux vari\u00e9s), sur le th\u00e8me du voyage, des vacances &#8230;<\/span><\/em><em style=\"font-size: 1.125rem\"><b style=\"font-size: 1.125rem\">\u00a0<\/b><span style=\"font-size: 1.125rem\">qui sont sur ce site et un <\/span><strong>exercice<\/strong> facile (Mots crois\u00e9s).<\/em><\/p>\n<p>&nbsp;<\/p>\n<p style=\"text-align: center\"><em>Cette page sera actualis\u00e9e au fur et \u00e0 mesure des cr\u00e9ations.<\/em><\/p>\n<p>&nbsp;<\/p>\n<p><strong><span style=\"text-decoration: underline\">Compilation<\/span> :<\/strong><\/p>\n<table class=\" aligncenter\" style=\"width: 97.7949%;border-collapse: collapse;border-style: ridge;border-color: #0760a8;background-color: #bfe3f2\">\n<tbody>\n<tr>\n<td style=\"width: 44.3024%\">Voyager dans les pays francophones. Comportement verbal et non verbal dans les pays francophones \u2013 Ordre des mots dans la phrase (vid\u00e9o interactive)<\/td>\n<td style=\"width: 4.62231%\"><strong style=\"color: #ff6600;text-align: start\"><a style=\"color: #ff6600;text-decoration: underline\" href=\"https:\/\/moldovafrance.fr\/wordpress\/h5p\/2022\/04\/27\/voyager-dans-les-pays-francophones-comportement-verbal-et-non-verbal-dans-les-pays-francophones-ordre-des-mots-dans-la-phrase\/\" target=\"_blank\" rel=\"noopener\">ici<\/a><\/strong><\/td>\n<td style=\"width: 43.6937%\">Destinations touristiques, planification et organisation d\u2019un voyage, r\u00e9servations en ligne \u2013 La voix passive (vid\u00e9o interactive)<\/td>\n<td style=\"width: 1.221%\"><a style=\"color: #303030\" href=\"https:\/\/moldovafrance.fr\/wordpress\/h5p\/2022\/03\/15\/destinations-touristiques-planification-et-organisation-dun-voyage-reservations-en-ligne-la-voix-passive-rappel\/\" target=\"_blank\" rel=\"noopener\"><span style=\"text-decoration: underline;color: #ff6600\"><strong>ici<\/strong><\/span><\/a><\/td>\n<\/tr>\n<tr>\n<td style=\"width: 44.3024%\">Tourisme urbain et rural : orientation dans l\u2019espace, utilisation des cartes, des GPS, etc. \u2013 Concordance des temps au conditionnel (vid\u00e9o interactive)<\/td>\n<td style=\"width: 4.62231%\"><a href=\"https:\/\/moldovafrance.fr\/wordpress\/h5p\/2022\/03\/13\/tourisme-urbain-et-rural-orientation-dans-lespace-utilisation-des-cartes-des-gps-etc-concordance-des-temps-au-conditionnel-rappel\/\" target=\"_blank\" rel=\"noopener\"><strong style=\"color: #ff6600;text-align: start\">ici<\/strong><\/a><\/td>\n<td style=\"width: 43.6937%\">Jobs d\u2019\u00e9t\u00e9 \u00e0 l\u2019\u00e9tranger \u2013 Emploi du subjonctif apr\u00e8s certaines locutions conjonctives (vid\u00e9o interactive)<\/td>\n<td style=\"width: 1.221%\"><a href=\"https:\/\/moldovafrance.fr\/wordpress\/h5p\/2021\/10\/03\/ecoles-dete-stages-et-formations-nationaux-et-internationaux-emploi-du-subjonctif-apres-les-locutions-conjonctives-pour-les-sentiments-le-doute-le-souhait\/\" target=\"_blank\" rel=\"noopener\"><span style=\"text-decoration: underline;color: #ff6600\"><strong>ici<\/strong><\/span><\/a><\/td>\n<\/tr>\n<tr>\n<td style=\"width: 44.3024%\">Chanson : Voyage, voyage (Desireless) \u2013 Voyages et d\u00e9couvertes (vid\u00e9o interactive)<\/td>\n<td style=\"width: 4.62231%\"><strong style=\"color: #ff6600\"><strong><a style=\"color: #ff6600;text-decoration: underline\" href=\"https:\/\/moldovafrance.fr\/wordpress\/h5p\/2021\/04\/13\/chanson-voyage-voyage-desireless-voyages-et-decouvertes\/\" target=\"_blank\" rel=\"noopener\">ici<\/a><\/strong><br \/>\n<\/strong><\/td>\n<td style=\"width: 43.6937%\"><\/td>\n<td style=\"width: 1.221%\"><\/td>\n<\/tr>\n<tr>\n<td style=\"width: 44.3024%\">Voyage en France<\/td>\n<td style=\"width: 4.62231%\"><span style=\"text-decoration: underline;color: #ff6600\"><strong><a style=\"color: #ff6600;text-decoration: underline\" href=\"https:\/\/moldovafrance.fr\/wordpress\/h5p\/2023\/06\/03\/voyage-en-france\/\" target=\"_blank\" rel=\"noopener\">ici<\/a><\/strong><\/span><\/td>\n<td style=\"width: 43.6937%\">Voyage en France (Facile)<\/td>\n<td style=\"width: 1.221%\"><span style=\"text-decoration: underline\"><strong><span style=\"color: #ff6600;text-decoration: underline\"><a style=\"color: #ff6600;text-decoration: underline\" href=\"https:\/\/moldovafrance.fr\/wordpress\/h5p\/2023\/06\/03\/voyage-en-france-facile\/\" target=\"_blank\" rel=\"noopener\">ici<\/a><\/span><\/strong><\/span><\/td>\n<\/tr>\n<tr>\n<td style=\"width: 44.3024%\">D\u00e9part en vacances<\/td>\n<td style=\"width: 4.62231%\"><a href=\"https:\/\/moldovafrance.fr\/wordpress\/h5p\/2020\/12\/27\/depart-en-vacances\/\" target=\"_blank\" rel=\"noopener\"><span style=\"text-decoration: underline;color: #ff6600\"><strong>ici<\/strong><\/span><\/a><\/td>\n<td style=\"width: 43.6937%\">A2 &#8211; Je prends le train \/ L&rsquo;imp\u00e9ratif &#8211; Livre int\u00e9ractif<\/td>\n<td style=\"width: 1.221%\"><a href=\"https:\/\/moldovafrance.fr\/wordpress\/h5p\/2023\/11\/07\/a1-je-prends-le-train-limperatif-livre-interactif\/\" target=\"_blank\" rel=\"noopener\"><span style=\"text-decoration: underline;color: #ff6600\"><strong>ici<\/strong><\/span><\/a><\/td>\n<\/tr>\n<tr>\n<td style=\"width: 44.3024%\">Quelle pr\u00e9position (ou article contract\u00e9) apr\u00e8s le verbe ALLER ?<\/td>\n<td style=\"width: 4.62231%\"><a href=\"https:\/\/moldovafrance.fr\/wordpress\/h5p\/2022\/06\/14\/quelle-preposition-ou-article-contracte-apres-le-verbe-aller\/\" target=\"_blank\" rel=\"noopener\"><span style=\"text-decoration: underline;color: #ff6600\"><strong>ici<\/strong><\/span><\/a><\/td>\n<td style=\"width: 43.6937%\"><\/td>\n<td style=\"width: 1.221%\"><span style=\"text-decoration: underline;color: #ff6600\"><strong>\u00a0<\/strong><\/span><\/td>\n<\/tr>\n<tr>\n<td style=\"width: 44.3024%\"># Expressions fran\u00e7aises autour de l&rsquo;automobile<\/td>\n<td style=\"width: 4.62231%\"><a href=\"https:\/\/moldovafrance.fr\/wordpress\/h5p\/2022\/06\/15\/expressions-francaises-autour-de-la-voiture\/\" target=\"_blank\" rel=\"noopener\"><span style=\"text-decoration: underline;color: #ff6600\"><strong>ici<\/strong><\/span><\/a><\/td>\n<td style=\"width: 43.6937%\"><\/td>\n<td style=\"width: 1.221%\"><\/td>\n<\/tr>\n<\/tbody>\n<\/table>\n<hr \/>\n<p><strong><span style=\"text-decoration: underline\">Exercice<\/span> : <\/strong>(Moyens de transport)<\/p>\n<div class=\"h5p-iframe-wrapper\"><iframe id=\"h5p-iframe-733\" class=\"h5p-iframe\" data-content-id=\"733\" style=\"height:1px\" src=\"about:blank\" frameBorder=\"0\" scrolling=\"no\" title=\"Moyens de transports\"><\/iframe><\/div>\n<hr \/>\n<span class=\"su-qrcode su-qrcode-align-center\"><a target=\"_blank\" title=\"https:\/\/moldovafrance.fr\/wordpress\/h5p\/2022\/06\/15\/les-voyages-compilation\/\"><img decoding=\"async\" src=\"https:\/\/api.qrserver.com\/v1\/create-qr-code\/?data=https%3A%2F%2Fmoldovafrance.fr%2Fwordpress%2Fh5p%2F2022%2F06%2F15%2Fles-voyages-compilation%2F&amp;size=100x100&amp;format=png&amp;margin=0&amp;color=000000&amp;bgcolor=ffffff\" alt=\"https:\/\/moldovafrance.fr\/wordpress\/h5p\/2022\/06\/15\/les-voyages-compilation\/\" \/><\/a><\/span>\n<\/div>\n","protected":false},"excerpt":{"rendered":"<p>&nbsp; \u00ab\u00a0\u200bLe v\u00e9ritable voyage de d\u00e9couverte ne consiste pas \u00e0 chercher de nouveaux paysages, mais \u00e0 avoir de nouveaux yeux\u00a0\u00bb<\/p>\n","protected":false},"author":4,"featured_media":0,"comment_status":"closed","ping_status":"open","sticky":false,"template":"","format":"standard","meta":{"_eb_attr":"","footnotes":""},"categories":[16,15],"tags":[32],"class_list":["post-2536","post","type-post","status-publish","format-standard","hentry","category-connaissances-generales","category-vocabulaire-orthographe","tag-auteur-jc-lelu","comments-off"],"_links":{"self":[{"href":"https:\/\/moldovafrance.fr\/wordpress\/h5p\/wp-json\/wp\/v2\/posts\/2536","targetHints":{"allow":["GET"]}}],"collection":[{"href":"https:\/\/moldovafrance.fr\/wordpress\/h5p\/wp-json\/wp\/v2\/posts"}],"about":[{"href":"https:\/\/moldovafrance.fr\/wordpress\/h5p\/wp-json\/wp\/v2\/types\/post"}],"author":[{"embeddable":true,"href":"https:\/\/moldovafrance.fr\/wordpress\/h5p\/wp-json\/wp\/v2\/users\/4"}],"replies":[{"embeddable":true,"href":"https:\/\/moldovafrance.fr\/wordpress\/h5p\/wp-json\/wp\/v2\/comments?post=2536"}],"version-history":[{"count":0,"href":"https:\/\/moldovafrance.fr\/wordpress\/h5p\/wp-json\/wp\/v2\/posts\/2536\/revisions"}],"wp:attachment":[{"href":"https:\/\/moldovafrance.fr\/wordpress\/h5p\/wp-json\/wp\/v2\/media?parent=2536"}],"wp:term":[{"taxonomy":"category","embeddable":true,"href":"https:\/\/moldovafrance.fr\/wordpress\/h5p\/wp-json\/wp\/v2\/categories?post=2536"},{"taxonomy":"post_tag","embeddable":true,"href":"https:\/\/moldovafrance.fr\/wordpress\/h5p\/wp-json\/wp\/v2\/tags?post=2536"}],"curies":[{"name":"wp","href":"https:\/\/api.w.org\/{rel}","templated":true}]}}